{"id":14869,"date":"2026-09-04T00:49:16","date_gmt":"2026-09-04T00:49:16","guid":{"rendered":"https:\/\/revistanyt.com.ar\/online\/?p=14869"},"modified":"2026-09-04T00:51:12","modified_gmt":"2026-09-04T00:51:12","slug":"cedyat-tiene-nuevo-presidente","status":"publish","type":"post","link":"https:\/\/revistanyt.com.ar\/online\/cedyat-tiene-nuevo-presidente\/","title":{"rendered":"Cedyat tiene nuevo presidente"},"content":{"rendered":"<p style=\"text-align: justify;\"><strong><span style=\"font-family: tahoma, arial, helvetica, sans-serif;\">El Dr. Miguel V. Bataller posee una destacada y polifac\u00e9tica trayectoria profesional que conjuga una s\u00f3lida formaci\u00f3n t\u00e9cnica y econ\u00f3mica con una vasta experiencia en la gesti\u00f3n tanto del sector p\u00fablico como del privado.<\/span><\/strong><\/p>\n<p style=\"text-align: justify;\">\n<span style=\"font-family: tahoma, arial, helvetica, sans-serif;\">En sus <strong>inicios profesionales<\/strong>, el Dr. Bataller se desempe\u00f1\u00f3 en el \u00e1mbito de la Marina Mercante, alcanzando el grado de Piloto de Ultramar. Durante esta etapa en el sector p\u00fablico, ejerci\u00f3 funciones operativas clave como Oficial de Cubierta en la Empresa L\u00edneas Mar\u00edtimas Argentinas (ELMA). Posteriormente, orient\u00f3 su perfil hacia las ciencias econ\u00f3micas, gradu\u00e1ndose como Contador P\u00fablico Nacional, profesi\u00f3n que actualmente ejerce de manera independiente.<\/span><\/p>\n<p style=\"text-align: justify;\">\n<span style=\"font-family: tahoma, arial, helvetica, sans-serif;\">Su<strong> carrera en la administraci\u00f3n p\u00fablica nacional y subnaciona<\/strong>l cuenta con hitos de gran relevancia. Se desempe\u00f1\u00f3 durante varios a\u00f1os en la Subsecretar\u00eda de Administraci\u00f3n del ex-Ministerio del Interior de la Naci\u00f3n, aportando su experiencia en la gesti\u00f3n de recursos estatales. Asimismo, su liderazgo y capacidad t\u00e9cnica lo llevaron a ejercer la presidencia de la Comisi\u00f3n de Adjudicaci\u00f3n del Gobierno de la Ciudad Aut\u00f3noma de Buenos Aires, un rol de alta responsabilidad en materia de contrataciones y transparencia p\u00fablica.<\/span><\/p>\n<p style=\"text-align: justify;\">\n<span style=\"font-family: tahoma, arial, helvetica, sans-serif;\">En el <strong>\u00e1mbito corporativo privado<\/strong>, el Dr. Bataller consolid\u00f3 su perfil ejecutivo al desempe\u00f1arse como Gerente de Administraci\u00f3n de Laboratorios Bag\u00f3, una de las firmas farmac\u00e9uticas m\u00e1s importantes del pa\u00eds, donde lider\u00f3 procesos financieros y de planificaci\u00f3n estrat\u00e9gica.<\/span><\/p>\n<p style=\"text-align: justify;\">\n<em><strong><span style=\"font-family: tahoma, arial, helvetica, sans-serif;\">A lo largo de los a\u00f1os, ha mantenido un estrecho v\u00ednculo con el ecosistema de la ciencia y la tecnolog\u00eda, actuando como asesor clave para diversas entidades de innovaci\u00f3n tecnol\u00f3gica en el pa\u00eds.<\/span><\/strong><\/em><\/p>\n<p style=\"text-align: justify;\">\n<span style=\"font-family: tahoma, arial, helvetica, sans-serif;\">Como coronaci\u00f3n de este prestigioso recorrido, en el pasado mes de agosto en la Asamblea General Ordinaria, el Dr. Miguel V. Bataller fue elegido Presidente de la<a href=\"https:\/\/cedyat.org\/\"> <strong>Asociaci\u00f3n Civil CEDyAT (Centro de Desarrollo y Asistencia Tecnol\u00f3gica)<\/strong><\/a>, una de las Unidades de Vinculaci\u00f3n Tecnol\u00f3gica (UVT) m\u00e1s reconocidas de la Rep\u00fablica Argentina. Desde este nuevo rol institucional, conducir\u00e1 los destinos de la entidad con el objetivo de seguir potenciando la vinculaci\u00f3n entre el conocimiento cient\u00edfico, la innovaci\u00f3n y el desarrollo productivo nacional.<\/span><\/p>\n","protected":false},"excerpt":{"rendered":"<p>El Dr. Miguel V. Bataller posee una destacada y polifac\u00e9tica trayectoria profesional que conjuga una s\u00f3lida formaci\u00f3n t\u00e9cnica y econ\u00f3mica con una vasta experiencia en la gesti\u00f3n tanto del sector p\u00fablico como del privado. En sus inicios profesionales, el Dr. Bataller se desempe\u00f1\u00f3 en el \u00e1mbito de la Marina Mercante, alcanzando el grado de Piloto [&hellip;]<\/p>\n","protected":false},"author":6,"featured_media":14870,"comment_status":"closed","ping_status":"closed","sticky":false,"template":"","format":"standard","meta":[],"categories":[10,380,14],"tags":[3888,322,3886,3887],"_links":{"self":[{"href":"https:\/\/revistanyt.com.ar\/online\/wp-json\/wp\/v2\/posts\/14869"}],"collection":[{"href":"https:\/\/revistanyt.com.ar\/online\/wp-json\/wp\/v2\/posts"}],"about":[{"href":"https:\/\/revistanyt.com.ar\/online\/wp-json\/wp\/v2\/types\/post"}],"author":[{"embeddable":true,"href":"https:\/\/revistanyt.com.ar\/online\/wp-json\/wp\/v2\/users\/6"}],"replies":[{"embeddable":true,"href":"https:\/\/revistanyt.com.ar\/online\/wp-json\/wp\/v2\/comments?post=14869"}],"version-history":[{"count":3,"href":"https:\/\/revistanyt.com.ar\/online\/wp-json\/wp\/v2\/posts\/14869\/revisions"}],"predecessor-version":[{"id":14873,"href":"https:\/\/revistanyt.com.ar\/online\/wp-json\/wp\/v2\/posts\/14869\/revisions\/14873"}],"wp:featuredmedia":[{"embeddable":true,"href":"https:\/\/revistanyt.com.ar\/online\/wp-json\/wp\/v2\/media\/14870"}],"wp:attachment":[{"href":"https:\/\/revistanyt.com.ar\/online\/wp-json\/wp\/v2\/media?parent=14869"}],"wp:term":[{"taxonomy":"category","embeddable":true,"href":"https:\/\/revistanyt.com.ar\/online\/wp-json\/wp\/v2\/categories?post=14869"},{"taxonomy":"post_tag","embeddable":true,"href":"https:\/\/revistanyt.com.ar\/online\/wp-json\/wp\/v2\/tags?post=14869"}],"curies":[{"name":"wp","href":"https:\/\/api.w.org\/{rel}","templated":true}]}}