{"id":1713,"date":"2017-09-18T00:49:11","date_gmt":"2017-09-18T00:49:11","guid":{"rendered":"https:\/\/revistanyt.com.ar\/online\/?p=1713"},"modified":"2017-09-18T00:49:11","modified_gmt":"2017-09-18T00:49:11","slug":"bariloche-sera-sede-del-emprender-nacional-2017","status":"publish","type":"post","link":"https:\/\/revistanyt.com.ar\/online\/bariloche-sera-sede-del-emprender-nacional-2017\/","title":{"rendered":"Bariloche ser\u00e1 sede del EMPRENDER NACIONAL 2017"},"content":{"rendered":"<p>El secretario de Ciencia, Tecnolog\u00eda y Desarrollo para la Producci\u00f3n de la Provincia de R\u00edo Negro, Ing. Hugo Josserme, junto al gobernador Alberto Weretilneck, el Intendente de S. C. de Bariloche Gustavo Gennuso y representantes de la CAME Nacional, Came Joven y la C\u00e1mara de Comercio de Bariloche, presidieron el lanzamiento del EMPRENDER NACIONAL 2017.<\/p>\n<p>Este a\u00f1o Bariloche ha sido elegida como sede provincial a nivel nacional. El evento, que se realizar\u00e1 en noviembre, tiene por objeto sensibilizar a los j\u00f3venes en cuestiones de emprendedurismo. Se busca generar espacios de interacci\u00f3n y encuentro que estimulen a los j\u00f3venes a tomar decisiones en relaci\u00f3n a sus proyectos, a darse la oportunidad de ser creativos y creer en sus ideas, a animarse a la innovaci\u00f3n y a la generaci\u00f3n de redes de apoyo y alianzas.<\/p>\n<p>La provincia de R\u00edo Negro promueve fuertemente el Emprendedurismo con pol\u00edticas claras y tangibles de apoyo al sector Pyme. Muestra de ello es el trabajo de la Secretar\u00eda de Ciencia y Tecnolog\u00eda\u00a0organizando la semana del emprendedor\u00a0tecnol\u00f3gico rionegrino, el Simposio de BIOECONOM\u00cdA Patagonia, los encuentros sectoriales poniendo en relevancia la vinculaci\u00f3n del sector p\u00fablico con el privado,\u00a0entre otros.\u00a0La Agencia CREAR acompa\u00f1a tambi\u00e9n el desarrollo de las micro, peque\u00f1as, medianas y grandes empresas, brindando capacitaci\u00f3n, asesoramiento y cr\u00e9ditos financiados por la Provincia.<\/p>\n<p>Llevar a cabo el Emprender Nacional\u00a0junto a\u00a0CAME Joven es la forma justa de darle visibilidad nacional a todo el aparato de\u00a0contenci\u00f3n y\u00a0apoyo que la provincia tiene para la comunidad emprendedora y hacer llegar a cada vez m\u00e1s rionegrinos el mensaje de que proyectar y emprender en\u00a0R\u00edo\u00a0Negro es posible.<\/p>\n<p>Al final del lanzamiento el Gobernador de la Provincia junto a la Municipalidad de Bariloche y la CAME, firmaron el convenio, mediante el cual las partes intervinientes se comprometen a trabajar articuladamente en la puesta en marcha del Emprender 2017.<\/p>\n<p>Estuvieron presentes los legisladoras provinciales Arabela Carreras, Silvia Paz y Leandro Lescano, concejales, autoridades de la Universidad Nacional Del Comahue, de la Universidad Nacional de R\u00edo Negro y de la Universidad Tecnol\u00f3gica Nacional, CONICET Patagonia Norte y funcionarios del gobierno provincial y del Municipio de Bariloche.<\/p>\n","protected":false},"excerpt":{"rendered":"<p>El secretario de Ciencia, Tecnolog\u00eda y Desarrollo para la Producci\u00f3n de la Provincia de R\u00edo Negro, Ing. Hugo Josserme, junto al gobernador Alberto Weretilneck, el Intendente de S. C. de Bariloche Gustavo Gennuso y representantes de la CAME Nacional, Came Joven y la C\u00e1mara de Comercio de Bariloche, presidieron el lanzamiento del EMPRENDER NACIONAL 2017. [&hellip;]<\/p>\n","protected":false},"author":1,"featured_media":1714,"comment_status":"closed","ping_status":"closed","sticky":false,"template":"","format":"standard","meta":[],"categories":[9,340],"tags":[344,343,47,345,346],"_links":{"self":[{"href":"https:\/\/revistanyt.com.ar\/online\/wp-json\/wp\/v2\/posts\/1713"}],"collection":[{"href":"https:\/\/revistanyt.com.ar\/online\/wp-json\/wp\/v2\/posts"}],"about":[{"href":"https:\/\/revistanyt.com.ar\/online\/wp-json\/wp\/v2\/types\/post"}],"author":[{"embeddable":true,"href":"https:\/\/revistanyt.com.ar\/online\/wp-json\/wp\/v2\/users\/1"}],"replies":[{"embeddable":true,"href":"https:\/\/revistanyt.com.ar\/online\/wp-json\/wp\/v2\/comments?post=1713"}],"version-history":[{"count":1,"href":"https:\/\/revistanyt.com.ar\/online\/wp-json\/wp\/v2\/posts\/1713\/revisions"}],"predecessor-version":[{"id":1715,"href":"https:\/\/revistanyt.com.ar\/online\/wp-json\/wp\/v2\/posts\/1713\/revisions\/1715"}],"wp:featuredmedia":[{"embeddable":true,"href":"https:\/\/revistanyt.com.ar\/online\/wp-json\/wp\/v2\/media\/1714"}],"wp:attachment":[{"href":"https:\/\/revistanyt.com.ar\/online\/wp-json\/wp\/v2\/media?parent=1713"}],"wp:term":[{"taxonomy":"category","embeddable":true,"href":"https:\/\/revistanyt.com.ar\/online\/wp-json\/wp\/v2\/categories?post=1713"},{"taxonomy":"post_tag","embeddable":true,"href":"https:\/\/revistanyt.com.ar\/online\/wp-json\/wp\/v2\/tags?post=1713"}],"curies":[{"name":"wp","href":"https:\/\/api.w.org\/{rel}","templated":true}]}}