{"id":2404,"date":"2020-08-28T19:06:20","date_gmt":"2020-08-28T19:06:20","guid":{"rendered":"https:\/\/revistanyt.com.ar\/online\/?p=2404"},"modified":"2020-08-28T19:18:13","modified_gmt":"2020-08-28T19:18:13","slug":"javier-conti-la-tecnologia-es-una-herramienta-para-el-crecimiento-de-la-sociedad","status":"publish","type":"post","link":"https:\/\/revistanyt.com.ar\/online\/javier-conti-la-tecnologia-es-una-herramienta-para-el-crecimiento-de-la-sociedad\/","title":{"rendered":"Javier Conti: &#8220;La tecnolog\u00eda es una herramienta para el crecimiento de la sociedad&#8221;"},"content":{"rendered":"<p class=\"lead-20\" style=\"text-align: justify;\">El nuevo coordinador general de ALTEC en Bariloche expres\u00f3 tener &#8220;pasi\u00f3n por la tecnolog\u00eda, por todo lo que podemos hacer los t\u00e9cnicos, siempre pensando en que tiene que ser algo que le sirva a la sociedad. Eso es lo fundamental, en INVAP cumplimos ese rol y en ALTEC lo vamos a cumplir tambi\u00e9n&#8221;.<\/p>\n<p style=\"text-align: justify;\"><span class=\"contenedor_primera_letra_individual_noticia\">E<\/span>l ministro de Gobierno y Comunidad, Rodrigo Buteler, puso en funciones a Javier Conti como coordinador general de ALTEC en San Carlos de Bariloche. Se trata de un nuevo rol, que busca potenciar la tarea de la empresa en la zona.<\/p>\n<p style=\"text-align: justify;\"><strong>Conti es ingeniero electr\u00f3nico, viene de cumplir funciones por espacio de 14 a\u00f1os en INVAP, donde labor\u00f3 en cuestiones t\u00e9cnicas, telecomunicaciones, radiofrecuencias, dise\u00f1o de antenas y luego con temas vinculados a la gesti\u00f3n, coordinaci\u00f3n de grupos y como jefe del departamento de electr\u00f3nica.<\/strong><\/p>\n<p style=\"text-align: justify;\">Refiri\u00f3 asimismo que \u201csiempre es complejo, no solo la tecnolog\u00eda sino coordinar las distintas capacidades de los grupos, los distintos actores dentro y fuera de la empresa para llegar a los objetivos, creo que mi recorrido en INVAP me fue aportando distintas herramientas, c\u00f3mo ir resolviendo eso, y espero poder hacerlo tambi\u00e9n en ALTEC\u201d. El profesional agreg\u00f3 que \u201cvamos a estar por algunas semanas en transici\u00f3n y el mes pr\u00f3ximo ya estaremos en funciones definitivas\u201d.<\/p>\n<p style=\"text-align: justify;\"><strong>Explic\u00f3 que \u201cya mantuvimos una charla distendida con los gerentes para empezar a conocernos. Est\u00e1 todo por hacer, es un espacio nuevo. Los primeros pasos son conocer a la gente, ver todo lo que tenemos en marcha y empezar planificar y definir el nuevo rumbo de la empresa, junto al Gobierno provincial y la nueva conducci\u00f3n\u201d, sostuvo.<\/strong><\/p>\n<p style=\"text-align: justify;\">ALTEC tiene una parte importante de su personal en Viedma, otra en Bariloche, hay algunas personas en General Roca, en Cipolletti y en Buenos Aires. \u201cEstoy en etapa de las primeras reuniones, la gente me ha recibido en forma espectacular\u201d y agreg\u00f3 que \u201ctodo esto viene de la mano de la Gobernaci\u00f3n, para impulsar en forma muy fuerte ciencia y tecnolog\u00eda, generar trabajo, apoyar la econom\u00eda del conocimiento y desarrollar herramientas tecnol\u00f3gicas para los habitantes de la provincia, all\u00ed hay un desafi\u00f3 muy fuerte, se ha creado la Agencia Innova y se entiende que ALTEC es y tiene que ser fundamental en todo ese armado. La idea es dar continuidad y tratar de potenciar todo lo que ya se ven\u00eda haciendo en materia de modernizaci\u00f3n del Estado, en cuanto a la administraci\u00f3n p\u00fablica\u201d.<\/p>\n<p style=\"text-align: justify;\"><strong>Conti tambi\u00e9n indic\u00f3 que \u201chay una l\u00ednea muy importante que viene creciendo en cuanto a la conectividad dentro de la Provincia y una serie de proyectos tecnol\u00f3gicos de integraci\u00f3n electr\u00f3nica en cuanto a comunicaciones\u201d.<\/strong><\/p>\n<p style=\"text-align: justify;\">Consider\u00f3 que \u201chacer tecnolog\u00eda en un pa\u00eds como Argentina nos trae ventajas por todos lados, la econom\u00eda del conocimiento es una herramienta de crecimiento para la sociedad, de formaci\u00f3n de recursos. Arranca en fomentar la educaci\u00f3n p\u00fablica y creo que hace crecer a las sociedades en recursos, tambi\u00e9n a las personas, en la regi\u00f3n tiene ventajas\u201d.<\/p>\n<p style=\"text-align: justify;\">Sin embarg\u00f3 refiri\u00f3 que \u201cno se debe caer en la trampa de competir con empresas del primer mundo, ese dilema no se va a resolver as\u00ed, creo que una empresa local, regional, tiene la gran ventaja que entiende perfectamente los problemas que se deben resolver porque est\u00e1 inserta en la sociedad y puede desarrollar soluciones a medida\u201d.<\/p>\n<p style=\"text-align: justify;\"><strong>Por \u00faltimo, Javier Conti se\u00f1al\u00f3 que \u201chay much\u00edsimo para hacer y qu\u00e9 mejor que una empresa de la ciudad para resolver distintos temas, yo lo veo as\u00ed. Me motiva tratar de aplicar lo que uno sabe y luego ver los resultados. La tecnolog\u00eda es una de las bases para construir cosas para la sociedad. En tecnolog\u00eda lo fundamental es complementarse, no hay nadie que pueda resolver todo, cada uno de los actores aportamos, nos tenemos que complementar con los dem\u00e1s\u201d.<\/strong><\/p>\n<p style=\"text-align: justify;\">Tambi\u00e9n, la directora ejecutiva de la Agencia RN INNOVA, Soledad Gonnet, asumi\u00f3 oficialmente la presidencia de la empresa ALTEC en forma provisoria, en reemplazo de Sergio Baroni.<\/p>\n<p><strong>(Nota difundida por Altec) Fuente: <\/strong>Programa \u201cEl Expreso Period\u00edstico\u201d \/ Radio El Cordillerano 93.7<\/p>\n","protected":false},"excerpt":{"rendered":"<p>El nuevo coordinador general de ALTEC en Bariloche expres\u00f3 tener &#8220;pasi\u00f3n por la tecnolog\u00eda, por todo lo que podemos hacer los t\u00e9cnicos, siempre pensando en que tiene que ser algo que le sirva a la sociedad. Eso es lo fundamental, en INVAP cumplimos ese rol y en ALTEC lo vamos a cumplir tambi\u00e9n&#8221;. El ministro [&hellip;]<\/p>\n","protected":false},"author":6,"featured_media":2405,"comment_status":"closed","ping_status":"closed","sticky":false,"template":"","format":"standard","meta":[],"categories":[380,381],"tags":[85,570,591,344,569,152],"_links":{"self":[{"href":"https:\/\/revistanyt.com.ar\/online\/wp-json\/wp\/v2\/posts\/2404"}],"collection":[{"href":"https:\/\/revistanyt.com.ar\/online\/wp-json\/wp\/v2\/posts"}],"about":[{"href":"https:\/\/revistanyt.com.ar\/online\/wp-json\/wp\/v2\/types\/post"}],"author":[{"embeddable":true,"href":"https:\/\/revistanyt.com.ar\/online\/wp-json\/wp\/v2\/users\/6"}],"replies":[{"embeddable":true,"href":"https:\/\/revistanyt.com.ar\/online\/wp-json\/wp\/v2\/comments?post=2404"}],"version-history":[{"count":2,"href":"https:\/\/revistanyt.com.ar\/online\/wp-json\/wp\/v2\/posts\/2404\/revisions"}],"predecessor-version":[{"id":2410,"href":"https:\/\/revistanyt.com.ar\/online\/wp-json\/wp\/v2\/posts\/2404\/revisions\/2410"}],"wp:featuredmedia":[{"embeddable":true,"href":"https:\/\/revistanyt.com.ar\/online\/wp-json\/wp\/v2\/media\/2405"}],"wp:attachment":[{"href":"https:\/\/revistanyt.com.ar\/online\/wp-json\/wp\/v2\/media?parent=2404"}],"wp:term":[{"taxonomy":"category","embeddable":true,"href":"https:\/\/revistanyt.com.ar\/online\/wp-json\/wp\/v2\/categories?post=2404"},{"taxonomy":"post_tag","embeddable":true,"href":"https:\/\/revistanyt.com.ar\/online\/wp-json\/wp\/v2\/tags?post=2404"}],"curies":[{"name":"wp","href":"https:\/\/api.w.org\/{rel}","templated":true}]}}