{"id":2771,"date":"2020-10-21T20:42:23","date_gmt":"2020-10-21T20:42:23","guid":{"rendered":"https:\/\/revistanyt.com.ar\/online\/?p=2771"},"modified":"2020-10-21T20:42:23","modified_gmt":"2020-10-21T20:42:23","slug":"turismo-abre-convocatoria-para-la-produccion-audiovisual-de-contenidos","status":"publish","type":"post","link":"https:\/\/revistanyt.com.ar\/online\/turismo-abre-convocatoria-para-la-produccion-audiovisual-de-contenidos\/","title":{"rendered":"Turismo abre convocatoria para la producci\u00f3n audiovisual de contenidos"},"content":{"rendered":"<div>\n<p style=\"text-align: justify;\">El Ministerio de Turismo, Cultura y Deporte de R\u00edo Negro abre un llamado de antecedentes de productoras de contenidos audiovisuales radicadas en R\u00edo Negro con la finalidad de seleccionar la contrataci\u00f3n para la realizaci\u00f3n integral de un registro audiovisual con un presupuesto de hasta $ 1.960.000.<\/p>\n<\/div>\n<div>\n<p style=\"text-align: justify;\">Los interesados tienen tiempo hasta el viernes 30 de octubre para presentar la documentaci\u00f3n requerida.<\/p>\n<p style=\"text-align: justify;\">El llamado para la producci\u00f3n del material audiovisual solicitado se afrontar\u00e1 mediante el Fondo de Promoci\u00f3n Tur\u00edstica, otorgado por el INPROTUR en el marco del Convenio Tripartito con el Ministerio de Turismo y Deporte de la Naci\u00f3n y el Consejo Federal de Turismo, en coordinaci\u00f3n con el Ente Patagonia Argentina, organismo del que forma parte el Ministerio de Turismo, Cultura y Deporte de R\u00edo Negro.<\/p>\n<p style=\"text-align: justify;\">Durante la producci\u00f3n se deber\u00e1n cumplir todos los protocolos establecidos por las autoridades sanitarias, en el marco de la pandemia por COVID-19.<\/p>\n<p style=\"text-align: justify;\">El material generado deber\u00e1 tener registro de contenidos m\u00ednimos sugeridos por locaciones, actividades y gastronom\u00eda correspondientes a la Regi\u00f3n Cordillera: Bariloche, Dina Huapi, El Bols\u00f3n, R\u00edo Manso, Regi\u00f3n Estepa con Maquinchao, Los Menucos, Ingeniero Jacobacci, Valcheta, Sierra Colorada, Comallo; Regi\u00f3n Valle: General Roca, Villa Regina, Choele Choel, Cipolletti, Luis Beltr\u00e1n, R\u00edo Colorado; y Regi\u00f3n Mar: Viedma, Las Grutas, San Antonio, Playas Doradas, Sierra Grande.<\/p>\n<p style=\"text-align: justify;\">El pago lo realizar\u00e1 el Ente Patagonia Argentina, por lo que la productora deber\u00e1 facturar a dicha entidad un 30% del presupuesto al comienzo de la producci\u00f3n, mientras el 70% restante deber\u00e1 facturarse el lunes 30 de noviembre, sin falta.<\/p>\n<p style=\"text-align: justify;\">Por consultas los interesados pueden escribir a rionegrofonprotur@gmail.com<\/p>\n<p style=\"text-align: justify;\">Requisitos disponibles en: <a href=\"https:\/\/drive.google.com\/drive\/folders\/1mKJk-8BI-DIPYkksE7T50DFXffnOg-Gg?usp=sharing\">https:\/\/drive.google.com\/drive\/folders\/1mKJk-8BI-DIPYkksE7T50DFXffnOg-Gg?usp=sharing<\/a><\/p>\n<\/div>\n<p>Fuente: Prensa RN<\/p>\n","protected":false},"excerpt":{"rendered":"<p>El Ministerio de Turismo, Cultura y Deporte de R\u00edo Negro abre un llamado de antecedentes de productoras de contenidos audiovisuales radicadas en R\u00edo Negro con la finalidad de seleccionar la contrataci\u00f3n para la realizaci\u00f3n integral de un registro audiovisual con un presupuesto de hasta $ 1.960.000. Los interesados tienen tiempo hasta el viernes 30 de [&hellip;]<\/p>\n","protected":false},"author":6,"featured_media":2772,"comment_status":"closed","ping_status":"closed","sticky":false,"template":"","format":"standard","meta":[],"categories":[380,16],"tags":[228,715,573,574,716],"_links":{"self":[{"href":"https:\/\/revistanyt.com.ar\/online\/wp-json\/wp\/v2\/posts\/2771"}],"collection":[{"href":"https:\/\/revistanyt.com.ar\/online\/wp-json\/wp\/v2\/posts"}],"about":[{"href":"https:\/\/revistanyt.com.ar\/online\/wp-json\/wp\/v2\/types\/post"}],"author":[{"embeddable":true,"href":"https:\/\/revistanyt.com.ar\/online\/wp-json\/wp\/v2\/users\/6"}],"replies":[{"embeddable":true,"href":"https:\/\/revistanyt.com.ar\/online\/wp-json\/wp\/v2\/comments?post=2771"}],"version-history":[{"count":1,"href":"https:\/\/revistanyt.com.ar\/online\/wp-json\/wp\/v2\/posts\/2771\/revisions"}],"predecessor-version":[{"id":2773,"href":"https:\/\/revistanyt.com.ar\/online\/wp-json\/wp\/v2\/posts\/2771\/revisions\/2773"}],"wp:featuredmedia":[{"embeddable":true,"href":"https:\/\/revistanyt.com.ar\/online\/wp-json\/wp\/v2\/media\/2772"}],"wp:attachment":[{"href":"https:\/\/revistanyt.com.ar\/online\/wp-json\/wp\/v2\/media?parent=2771"}],"wp:term":[{"taxonomy":"category","embeddable":true,"href":"https:\/\/revistanyt.com.ar\/online\/wp-json\/wp\/v2\/categories?post=2771"},{"taxonomy":"post_tag","embeddable":true,"href":"https:\/\/revistanyt.com.ar\/online\/wp-json\/wp\/v2\/tags?post=2771"}],"curies":[{"name":"wp","href":"https:\/\/api.w.org\/{rel}","templated":true}]}}