{"id":4568,"date":"2021-06-24T00:19:26","date_gmt":"2021-06-24T00:19:26","guid":{"rendered":"https:\/\/revistanyt.com.ar\/online\/?p=4568"},"modified":"2021-06-29T00:20:48","modified_gmt":"2021-06-29T00:20:48","slug":"turismo-desarrollo-una-amplia-agenda-de-trabajo-en-bariloche","status":"publish","type":"post","link":"https:\/\/revistanyt.com.ar\/online\/turismo-desarrollo-una-amplia-agenda-de-trabajo-en-bariloche\/","title":{"rendered":"Turismo desarroll\u00f3 una amplia agenda de trabajo en Bariloche"},"content":{"rendered":"<div>\n<p style=\"text-align: justify;\">Con la presencia de la ministra de Turismo y Deporte, Martha V\u00e9lez, y parte de su gabinete, se llev\u00f3 a cabo ayer mi\u00e9rcoles una amplia agenda de trabajo con organismos e integrantes de sectores tur\u00edsticos de R\u00edo Negro.<\/p>\n<\/div>\n<div>\n<p style=\"text-align: justify;\">De cara al inicio de la temporada invernal y del proceso cuidado de reactivaci\u00f3n del turismo, la cartera provincial busca poner en valor las potencialidades que la provincia tiene para ofrecer a los visitantes.<\/p>\n<p style=\"text-align: justify;\">\n<p style=\"text-align: justify;\"><strong>La Regi\u00f3n Sur se impone como atractivo emergente<\/strong><\/p>\n<p style=\"text-align: justify;\">\n<p style=\"text-align: justify;\">El equipo de Turismo mantuvo un encuentro con el Ente de Desarrollo de la Regi\u00f3n Sur, a fin de continuar trabajando en conjunto para potenciar e integrar los productos tur\u00edsticos de las localidades que la conforman.<\/p>\n<p style=\"text-align: justify;\">El objetivo de la reuni\u00f3n fue planificar acciones que permitan continuar trabajando en la reactivaci\u00f3n del turismo en el marco del plan estrat\u00e9gico del Ministerio, y tambi\u00e9n se plantearon nuevas ideas pensadas espec\u00edficamente para el desarrollo de la regi\u00f3n. Adem\u00e1s, se repasaron los avances de las obras de infraestructura que est\u00e1n en marcha y buscan potenciar el turismo ferroviario.<\/p>\n<p style=\"text-align: justify;\">En este sentido, la ministra sostuvo que \u201caprovechamos la oportunidad para hablar tambi\u00e9n sobre el eje de turismo sustentable en el que ya estamos trabajando junto a los municipios a trav\u00e9s de talleres, los cuales est\u00e1n destinados a reforzar criterios y brindar herramientas que permitan fortalecer los destinos y lograr un crecimiento sostenido\u201d.<\/p>\n<p style=\"text-align: justify;\">\n<p style=\"text-align: justify;\"><strong>Trabajo articulado con las C\u00e1maras Empresariales<\/strong><\/p>\n<p style=\"text-align: justify;\">\n<p style=\"text-align: justify;\">A pocos d\u00edas del lanzamiento oficial de la temporada invernal, se desarroll\u00f3 una reuni\u00f3n informativa con representantes de la C\u00e1mara de Turismo de Bariloche a fin de dialogar sobre\u00a0 el lanzamiento de la apertura de los centros de esqu\u00ed de la provincia y las medidas que se implementaron\u00a0 para sostener una temporada invernal cuidada.<\/p>\n<p style=\"text-align: justify;\">Durante el encuentro se present\u00f3 tambi\u00e9n el Plan Estrat\u00e9gico del Ministerio, focalizado en los dos ejes de trabajo m\u00e1s importantes: Desarrollo Tur\u00edstico\u00a0 Sostenible y\u00a0 Obras de Desarrollo Tur\u00edstico e infraestructura.<\/p>\n<p style=\"text-align: justify;\">En esta instancia se abord\u00f3 la importancia de la finalizaci\u00f3n de la Ruta Nacional 23, que potenciar\u00e1 el corredor bioce\u00e1nico y permitir\u00e1 impulsar el desarrollo tur\u00edstico de la Regi\u00f3n Sur con el foco puesto en el turismo paleontol\u00f3gico, el turismo ferroviario con el Tren Patag\u00f3nico y la Trochita como principales productos tur\u00edsticos.<\/p>\n<p style=\"text-align: justify;\">\n<p style=\"text-align: justify;\"><strong>Invierno cuidado y responsable<\/strong><\/p>\n<p style=\"text-align: justify;\">\n<p style=\"text-align: justify;\">Los miembros de Turismo del Gobierno Provincial compartieron una mesa de trabajo con el subsecretario de Biodiversidad y Cambio Clim\u00e1tico, Federico Hollmann con el objetivo de profundizar las l\u00edneas de trabajo para la correcta habilitaci\u00f3n de refugios de monta\u00f1a y de prestadores de turismo activo, ante la llegada de turistas a los destinos de cordillera.<\/p>\n<p style=\"text-align: justify;\">En este sentido, los representantes de ambos organismos compartieron las diferentes acciones de gobierno, con la finalidad de repasar las tareas de ordenamiento territorial y la preservaci\u00f3n ambiental del territorio.<\/p>\n<p style=\"text-align: justify;\">Acompa\u00f1aron a la Ministra Martha V\u00e9lez el secretario de Turismo, Marcelo Mancini; la subsecretaria de Turismo, Cecilia Caldelari; la subsecretaria de Desarrollo Tur\u00edstico, Mariela Messina, y la secretaria de Infraestructura Tur\u00edstica del Ministerio, Lucrecia Yunes.<\/p>\n<p style=\"text-align: justify;\">\n<p style=\"text-align: justify;\"><strong>Rueda de trabajo<\/strong><\/p>\n<p style=\"text-align: justify;\">\n<p style=\"text-align: justify;\">Durante la jornada, la Ministra encabez\u00f3 un encuentro con su gabinete en San Carlos de Bariloche, con el objetivo de detallar las gestiones que se realizan para la temporada invernal, que se lanzar\u00e1 el 3 y 9 de julio en El Bols\u00f3n y Bariloche, respectivamente. El anuncio de una fecha certera otorga una gran expectativa en el sector y un fuerte impacto en la econom\u00eda de la provincia y en la generaci\u00f3n de trabajo.<\/p>\n<p style=\"text-align: justify;\">Adem\u00e1s, se analiz\u00f3 el Plan Estrat\u00e9gico del Ministerio que tiene como finalidad propiciar \u00e1mbitos de debate entre los principales actores del sector tur\u00edstico provincial para la definici\u00f3n de un conjunto de ideas fuertes y estrat\u00e9gicas para la actividad.<\/p>\n<\/div>\n","protected":false},"excerpt":{"rendered":"<p>Con la presencia de la ministra de Turismo y Deporte, Martha V\u00e9lez, y parte de su gabinete, se llev\u00f3 a cabo ayer mi\u00e9rcoles una amplia agenda de trabajo con organismos e integrantes de sectores tur\u00edsticos de R\u00edo Negro. De cara al inicio de la temporada invernal y del proceso cuidado de reactivaci\u00f3n del turismo, la [&hellip;]<\/p>\n","protected":false},"author":6,"featured_media":4569,"comment_status":"closed","ping_status":"closed","sticky":false,"template":"","format":"standard","meta":[],"categories":[380,16],"tags":[],"_links":{"self":[{"href":"https:\/\/revistanyt.com.ar\/online\/wp-json\/wp\/v2\/posts\/4568"}],"collection":[{"href":"https:\/\/revistanyt.com.ar\/online\/wp-json\/wp\/v2\/posts"}],"about":[{"href":"https:\/\/revistanyt.com.ar\/online\/wp-json\/wp\/v2\/types\/post"}],"author":[{"embeddable":true,"href":"https:\/\/revistanyt.com.ar\/online\/wp-json\/wp\/v2\/users\/6"}],"replies":[{"embeddable":true,"href":"https:\/\/revistanyt.com.ar\/online\/wp-json\/wp\/v2\/comments?post=4568"}],"version-history":[{"count":1,"href":"https:\/\/revistanyt.com.ar\/online\/wp-json\/wp\/v2\/posts\/4568\/revisions"}],"predecessor-version":[{"id":4570,"href":"https:\/\/revistanyt.com.ar\/online\/wp-json\/wp\/v2\/posts\/4568\/revisions\/4570"}],"wp:featuredmedia":[{"embeddable":true,"href":"https:\/\/revistanyt.com.ar\/online\/wp-json\/wp\/v2\/media\/4569"}],"wp:attachment":[{"href":"https:\/\/revistanyt.com.ar\/online\/wp-json\/wp\/v2\/media?parent=4568"}],"wp:term":[{"taxonomy":"category","embeddable":true,"href":"https:\/\/revistanyt.com.ar\/online\/wp-json\/wp\/v2\/categories?post=4568"},{"taxonomy":"post_tag","embeddable":true,"href":"https:\/\/revistanyt.com.ar\/online\/wp-json\/wp\/v2\/tags?post=4568"}],"curies":[{"name":"wp","href":"https:\/\/api.w.org\/{rel}","templated":true}]}}