{"id":5379,"date":"2021-11-09T15:34:19","date_gmt":"2021-11-09T15:34:19","guid":{"rendered":"https:\/\/revistanyt.com.ar\/online\/?p=5379"},"modified":"2021-11-09T15:46:53","modified_gmt":"2021-11-09T15:46:53","slug":"encontraron-un-fosil-de-15-millones-de-anos-en-cercanias-de-comallo","status":"publish","type":"post","link":"https:\/\/revistanyt.com.ar\/online\/encontraron-un-fosil-de-15-millones-de-anos-en-cercanias-de-comallo\/","title":{"rendered":"Encontraron un f\u00f3sil de 15 millones de a\u00f1os en R\u00edo Negro"},"content":{"rendered":"<h4 class=\"text-lg md:text-xl font-mont text-gray-dark font-semibold mt-8\" style=\"text-align: justify;\">Se encontr\u00f3 en cercan\u00edas de Comallo. Se trata del primer mam\u00edfero esparasodonte de la zona, que ten\u00eda cerca de un metro de largo y pesaba 7 kilos.<\/h4>\n<p><a href=\"https:\/\/revistanyt.com.ar\/online\/wp-content\/uploads\/2021\/11\/1-f.jpg\"><img loading=\"lazy\" class=\"alignnone size-full wp-image-5382\" src=\"https:\/\/revistanyt.com.ar\/online\/wp-content\/uploads\/2021\/11\/1-f.jpg\" alt=\"\" width=\"908\" height=\"438\" srcset=\"https:\/\/revistanyt.com.ar\/online\/wp-content\/uploads\/2021\/11\/1-f.jpg 908w, https:\/\/revistanyt.com.ar\/online\/wp-content\/uploads\/2021\/11\/1-f-300x145.jpg 300w, https:\/\/revistanyt.com.ar\/online\/wp-content\/uploads\/2021\/11\/1-f-768x370.jpg 768w\" sizes=\"(max-width: 908px) 100vw, 908px\" \/><\/a><\/p>\n<p>Este f\u00f3sil fue hallado a 10 kil\u00f3metros de Comallo, en R\u00edo Negro, por un vecino de un campo, quien lo llev\u00f3 a su casa y luego de algunos a\u00f1os, al reconocer su importancia, lo entreg\u00f3 a especialistas.<\/p>\n<p><img src=\"https:\/\/silvercoder.rionegro.gov.ar\/files\/1636219076_b9f50ca5ac5cd4110311.jpg\" alt=\"\" \/><\/p>\n<p>Los materiales paleontol\u00f3gicos son rescatados, protegidos y conservados, por ley, por la Secretar\u00eda de Estado de Cultura a trav\u00e9s de la subsecretar\u00eda de Patrimonio y Cooperaci\u00f3n Cultural.<\/p>\n<p>Luego de ser entregados por el vecino comallense, los restos fueron enviados para su preparaci\u00f3n y estudio al Museo Argentino de Ciencias Naturales \u201cBernardino Rivadavia\u201d de Buenos Aires.<\/p>\n<p>El an\u00e1lisis cient\u00edfico permiti\u00f3 saber a los investigadores\u00a0 que este especimen denominado Cladosictis patagonica, habit\u00f3 en toda la Patagonia durante casi 3 millones de a\u00f1os, y era un animal depredador con una apariencia combinada entre la silueta de un hur\u00f3n, con un cuerpo alargado de patas cortas y la cabeza de un zorro,\u00a0 con un hocico, caninos desarrollados y dientes filosos.<\/p>\n<p><img src=\"https:\/\/silvercoder.rionegro.gov.ar\/files\/1636219101_a54a56ee6a46ed78c62f.jpg\" alt=\"\" \/><\/p>\n<p>Este hallazgo se suma a mucho otros que se han encontrado en la regi\u00f3n de Comallo, como el famoso Kelenken guillermoi, un ave de m\u00e1s de dos metros y medio de altura, tambi\u00e9n encontrada cerca de la localidad comallense; y ambos estar\u00e1n representados junto a otros animales extintos en el Paleoparque de Comallo.<\/p>\n<p><img src=\"https:\/\/silvercoder.rionegro.gov.ar\/files\/1636219116_845e0575e041a30f349d.jpg\" alt=\"\" \/><\/p>\n<p>El f\u00f3sil de Cladosicitis patag\u00f3nica es resguardado\u00a0 en el Museo Paleontol\u00f3gico Bariloche, dado que all\u00ed hay personal id\u00f3neo para el resguardo y curaci\u00f3n; y es uno de los repositorios oficialmente reconocidos para la provincia.<\/p>\n<p>Cabe destacar que los alrededores de la localidad de Comallo son excepcionales por sus numerosos restos f\u00f3siles dado que pertenecen a una unidad denominada por los ge\u00f3logos como Formaci\u00f3n Coll\u00f3n Cur\u00e1, de unos 15 millones de a\u00f1os de antig\u00fcedad, de la \u00e9poca del Mioceno medio.<\/p>\n<p>(Prensa RN)<\/p>\n","protected":false},"excerpt":{"rendered":"<p>Se encontr\u00f3 en cercan\u00edas de Comallo. Se trata del primer mam\u00edfero esparasodonte de la zona, que ten\u00eda cerca de un metro de largo y pesaba 7 kilos. Este f\u00f3sil fue hallado a 10 kil\u00f3metros de Comallo, en R\u00edo Negro, por un vecino de un campo, quien lo llev\u00f3 a su casa y luego de algunos [&hellip;]<\/p>\n","protected":false},"author":6,"featured_media":5385,"comment_status":"closed","ping_status":"closed","sticky":false,"template":"","format":"standard","meta":[],"categories":[35,5,9,37,380,14],"tags":[],"_links":{"self":[{"href":"https:\/\/revistanyt.com.ar\/online\/wp-json\/wp\/v2\/posts\/5379"}],"collection":[{"href":"https:\/\/revistanyt.com.ar\/online\/wp-json\/wp\/v2\/posts"}],"about":[{"href":"https:\/\/revistanyt.com.ar\/online\/wp-json\/wp\/v2\/types\/post"}],"author":[{"embeddable":true,"href":"https:\/\/revistanyt.com.ar\/online\/wp-json\/wp\/v2\/users\/6"}],"replies":[{"embeddable":true,"href":"https:\/\/revistanyt.com.ar\/online\/wp-json\/wp\/v2\/comments?post=5379"}],"version-history":[{"count":3,"href":"https:\/\/revistanyt.com.ar\/online\/wp-json\/wp\/v2\/posts\/5379\/revisions"}],"predecessor-version":[{"id":5394,"href":"https:\/\/revistanyt.com.ar\/online\/wp-json\/wp\/v2\/posts\/5379\/revisions\/5394"}],"wp:featuredmedia":[{"embeddable":true,"href":"https:\/\/revistanyt.com.ar\/online\/wp-json\/wp\/v2\/media\/5385"}],"wp:attachment":[{"href":"https:\/\/revistanyt.com.ar\/online\/wp-json\/wp\/v2\/media?parent=5379"}],"wp:term":[{"taxonomy":"category","embeddable":true,"href":"https:\/\/revistanyt.com.ar\/online\/wp-json\/wp\/v2\/categories?post=5379"},{"taxonomy":"post_tag","embeddable":true,"href":"https:\/\/revistanyt.com.ar\/online\/wp-json\/wp\/v2\/tags?post=5379"}],"curies":[{"name":"wp","href":"https:\/\/api.w.org\/{rel}","templated":true}]}}