{"id":5620,"date":"2021-12-16T15:49:05","date_gmt":"2021-12-16T15:49:05","guid":{"rendered":"https:\/\/revistanyt.com.ar\/online\/?p=5620"},"modified":"2021-12-20T15:50:14","modified_gmt":"2021-12-20T15:50:14","slug":"la-arn-realizo-un-seminario-sobre-los-resultados-y-avances-del-programa-tecnico-del-foro","status":"publish","type":"post","link":"https:\/\/revistanyt.com.ar\/online\/la-arn-realizo-un-seminario-sobre-los-resultados-y-avances-del-programa-tecnico-del-foro\/","title":{"rendered":"La ARN realiz\u00f3 un seminario sobre los resultados y avances del programa t\u00e9cnico del FORO"},"content":{"rendered":"<p style=\"text-align: justify;\"><strong><em>Incluy\u00f3 los proyectos sobre \u201cLicenciamiento e Inspecci\u00f3n en Ciclotrones\u201d y \u201cRadiofarmacias Centralizadas\u201d.<\/em><\/strong><\/p>\n<article>\n<section class=\"content_format\">\n<div class=\"container\">\n<div class=\"row\">\n<div class=\"col-md-8 col-md-offset-2\">\n<div class=\"panel-pane pane-texto\">\n<div class=\"pane-content\">\n<div class=\"\">\n<p style=\"text-align: justify;\">La Autoridad Regulatoria Nuclear (ARN) organiz\u00f3 un seminario virtual para la presentaci\u00f3n de los\u00a0<strong>resultados y avances de dos proyectos del Foro Iberoamericano de Organismos Reguladores Radiol\u00f3gicos y Nucleares (FORO)<\/strong>, que tuvo lugar el pasado 3 de diciembre de 2021.<\/p>\n<p style=\"text-align: justify;\">El\u00a0<strong>Dr. Daniel Di Gregorio,<\/strong>\u00a0vicepresidente 1\u00b0 del Directorio de la ARN y miembro del Plenario del FORO, realiz\u00f3 la apertura del seminario con sus palabras de bienvenida. La\u00a0<strong>Lic. Marcela Ermacora<\/strong>, representante de la ARN en el Comit\u00e9 T\u00e9cnico Ejecutivo (CTE) del FORO y coordinadora del evento, present\u00f3 el programa t\u00e9cnico del FORO. La disertaci\u00f3n sobre los proyectos estuvo a cargo del\u00a0<strong>Ing. Flavio Andrada Contardi<\/strong>\u00a0(OIEA) y el\u00a0<em>I<\/em>ng. Germ\u00e1n Rabi** (ARN), ambos participantes por parte de la ARN en dichos proyectos.<\/p>\n<p style=\"text-align: justify;\">El encuentro tuvo como objetivo iniciar un nuevo ciclo de difusi\u00f3n del programa t\u00e9cnico de la asociaci\u00f3n. En esta oportunidad se presentaron los proyectos de\u00a0<strong><em>&#8220;Licenciamiento e Inspecci\u00f3n en Ciclotrones&#8221;<\/em><\/strong>\u00a0y\u00a0<strong><em>&#8220;Radiofarmacias Centralizadas&#8221;,<\/em><\/strong>\u00a0con el fin de exponer los objetivos, alcance, avances y su contribuci\u00f3n a la ARN y a los regulados, as\u00ed como compartir conocimientos y experiencia reguladora, y dar lugar al intercambio de ideas y discusi\u00f3n.<\/p>\n<p style=\"text-align: justify;\">La ARN continuar\u00e1 en 2022 con este ciclo de difusi\u00f3n de los proyectos y actividades que integran el programa t\u00e9cnico del FORO.<\/p>\n<p>M\u00e1s informaci\u00f3n en:\u00a0<a href=\"https:\/\/www.foroiberam.org\/web\/guest\/actualidad\/noticias\/detalle\/-\/journal_content\/56_INSTANCE_nvf1RaYs0sOj\/193375\/6237154\">https:\/\/bit.ly\/3E520hG<\/a><\/p>\n<p><img src=\"https:\/\/www.argentina.gob.ar\/sites\/default\/files\/2021_12_15_interior_seminario_proyectos_foro_2.jpg\" alt=\"\" \/><\/p>\n<p>(ARN)<\/p>\n<\/div>\n<\/div>\n<\/div>\n<\/div>\n<\/div>\n<\/div>\n<\/section>\n<\/article>\n<section class=\"container\">\n<div class=\"row\">\n<div class=\"col-md-12\">\n<div class=\"panel-pane pane-listado\">\n<div class=\"pane-content\">\n<div id=\"divnoticias\" class=\"col-md-12 m-t-3 p-x-0\"><\/div>\n<\/div>\n<\/div>\n<\/div>\n<\/div>\n<\/section>\n<p style=\"text-align: justify;\">\n","protected":false},"excerpt":{"rendered":"<p>Incluy\u00f3 los proyectos sobre \u201cLicenciamiento e Inspecci\u00f3n en Ciclotrones\u201d y \u201cRadiofarmacias Centralizadas\u201d. La Autoridad Regulatoria Nuclear (ARN) organiz\u00f3 un seminario virtual para la presentaci\u00f3n de los\u00a0resultados y avances de dos proyectos del Foro Iberoamericano de Organismos Reguladores Radiol\u00f3gicos y Nucleares (FORO), que tuvo lugar el pasado 3 de diciembre de 2021. El\u00a0Dr. Daniel Di Gregorio,\u00a0vicepresidente [&hellip;]<\/p>\n","protected":false},"author":6,"featured_media":5622,"comment_status":"closed","ping_status":"closed","sticky":false,"template":"","format":"standard","meta":[],"categories":[5,10,380],"tags":[],"_links":{"self":[{"href":"https:\/\/revistanyt.com.ar\/online\/wp-json\/wp\/v2\/posts\/5620"}],"collection":[{"href":"https:\/\/revistanyt.com.ar\/online\/wp-json\/wp\/v2\/posts"}],"about":[{"href":"https:\/\/revistanyt.com.ar\/online\/wp-json\/wp\/v2\/types\/post"}],"author":[{"embeddable":true,"href":"https:\/\/revistanyt.com.ar\/online\/wp-json\/wp\/v2\/users\/6"}],"replies":[{"embeddable":true,"href":"https:\/\/revistanyt.com.ar\/online\/wp-json\/wp\/v2\/comments?post=5620"}],"version-history":[{"count":1,"href":"https:\/\/revistanyt.com.ar\/online\/wp-json\/wp\/v2\/posts\/5620\/revisions"}],"predecessor-version":[{"id":5623,"href":"https:\/\/revistanyt.com.ar\/online\/wp-json\/wp\/v2\/posts\/5620\/revisions\/5623"}],"wp:featuredmedia":[{"embeddable":true,"href":"https:\/\/revistanyt.com.ar\/online\/wp-json\/wp\/v2\/media\/5622"}],"wp:attachment":[{"href":"https:\/\/revistanyt.com.ar\/online\/wp-json\/wp\/v2\/media?parent=5620"}],"wp:term":[{"taxonomy":"category","embeddable":true,"href":"https:\/\/revistanyt.com.ar\/online\/wp-json\/wp\/v2\/categories?post=5620"},{"taxonomy":"post_tag","embeddable":true,"href":"https:\/\/revistanyt.com.ar\/online\/wp-json\/wp\/v2\/tags?post=5620"}],"curies":[{"name":"wp","href":"https:\/\/api.w.org\/{rel}","templated":true}]}}