{"id":6501,"date":"2022-04-12T00:28:06","date_gmt":"2022-04-12T00:28:06","guid":{"rendered":"https:\/\/revistanyt.com.ar\/online\/?p=6501"},"modified":"2022-04-13T18:39:29","modified_gmt":"2022-04-13T18:39:29","slug":"la-arn-invita-a-la-conferencia-desafios-inesperados-para-la-proteccion-radiologica","status":"publish","type":"post","link":"https:\/\/revistanyt.com.ar\/online\/la-arn-invita-a-la-conferencia-desafios-inesperados-para-la-proteccion-radiologica\/","title":{"rendered":"La ARN invita a la Conferencia &#8220;Desaf\u00edos inesperados para la Protecci\u00f3n Radiol\u00f3gica\u201d"},"content":{"rendered":"<p style=\"text-align: justify;\">La Autoridad Regulatoria Nuclear (ARN) hace extensiva la invitaci\u00f3n para participar de la\u00a0<strong>Conferencia Virtual &#8220;Desaf\u00edos inesperados para la Protecci\u00f3n Radiol\u00f3gica\u201d<\/strong>, organizada por la\u00a0<strong>Federaci\u00f3n de Radioprotecci\u00f3n de Am\u00e9rica Latina y El Caribe (FRALC)<\/strong>\u00a0y la\u00a0<strong>Sociedad Argentina de Radioprotecci\u00f3n (SAR)<\/strong>, en el marco del\u00a0<strong>D\u00eda de la Protecci\u00f3n Radiol\u00f3gica en Am\u00e9rica Latina y el Caribe<\/strong>, que se conmemora cada 15 de abril.<\/p>\n<p style=\"text-align: justify;\">El evento se realizar\u00e1 el\u00a0<strong>mi\u00e9rcoles 13 de abril de 2022<\/strong>\u00a0de 14 a 16 (hora argentina) y contar\u00e1 con la exposici\u00f3n del\u00a0<strong>Ing. Abel J. Gonz\u00e1lez<\/strong>, asesor senior del Directorio de la ARN, quien disertar\u00e1 sobre los\u00a0<strong>sucesos globales que presentan nuevos retos para profesi\u00f3n de la protecci\u00f3n radiol\u00f3gica.<\/strong><\/p>\n<p style=\"text-align: justify;\">La conferencia\u00a0<strong>se realizar\u00e1 de manera virtual<\/strong>, a trav\u00e9s de una plataforma online. Para participar de la actividad se requiere\u00a0<a href=\"https:\/\/docs.google.com\/forms\/d\/e\/1FAIpQLSemwG37XAm3-ZRoO7vA54d4FQZLcb-vEt0IP5L_YaTT1BcvYw\/viewform?usp=sf_link\">inscripci\u00f3n previa<\/a>.<\/p>\n<p style=\"text-align: justify;\">El\u00a0<strong>D\u00eda de la Protecci\u00f3n Radiol\u00f3gica<\/strong>\u00a0se conmemora en homenaje al\u00a0<strong>Dr. Dan J. Beninson, quien recibiera en 1996 el premio Sievert, m\u00e1ximo reconocimiento en la especialidad a nivel mundial<\/strong>, en el marco del 9\u00b0 Congreso Internacional de la Asociaci\u00f3n Internacional de Protecci\u00f3n Radiol\u00f3gica (IRPA, por su sigla en ingl\u00e9s), celebrado en Viena, Austria.<\/p>\n<p style=\"text-align: justify;\">La\u00a0<strong>radioprotecci\u00f3n<\/strong>\u00a0es la disciplina encargada de establecer los criterios y principios para el uso seguro de las radiaciones ionizantes, como resultado de las actividades con materiales nucleares o radiactivos.<\/p>\n<p style=\"text-align: justify;\"><img src=\"https:\/\/www.argentina.gob.ar\/sites\/default\/files\/2022_04_12_iinvitacion_conf_dia_protec_radiol.jpg\" alt=\"\" \/><\/p>\n","protected":false},"excerpt":{"rendered":"<p>La Autoridad Regulatoria Nuclear (ARN) hace extensiva la invitaci\u00f3n para participar de la\u00a0Conferencia Virtual &#8220;Desaf\u00edos inesperados para la Protecci\u00f3n Radiol\u00f3gica\u201d, organizada por la\u00a0Federaci\u00f3n de Radioprotecci\u00f3n de Am\u00e9rica Latina y El Caribe (FRALC)\u00a0y la\u00a0Sociedad Argentina de Radioprotecci\u00f3n (SAR), en el marco del\u00a0D\u00eda de la Protecci\u00f3n Radiol\u00f3gica en Am\u00e9rica Latina y el Caribe, que se conmemora cada [&hellip;]<\/p>\n","protected":false},"author":6,"featured_media":6502,"comment_status":"closed","ping_status":"closed","sticky":false,"template":"","format":"standard","meta":[],"categories":[9,380],"tags":[76,408,1071,549,1054],"_links":{"self":[{"href":"https:\/\/revistanyt.com.ar\/online\/wp-json\/wp\/v2\/posts\/6501"}],"collection":[{"href":"https:\/\/revistanyt.com.ar\/online\/wp-json\/wp\/v2\/posts"}],"about":[{"href":"https:\/\/revistanyt.com.ar\/online\/wp-json\/wp\/v2\/types\/post"}],"author":[{"embeddable":true,"href":"https:\/\/revistanyt.com.ar\/online\/wp-json\/wp\/v2\/users\/6"}],"replies":[{"embeddable":true,"href":"https:\/\/revistanyt.com.ar\/online\/wp-json\/wp\/v2\/comments?post=6501"}],"version-history":[{"count":1,"href":"https:\/\/revistanyt.com.ar\/online\/wp-json\/wp\/v2\/posts\/6501\/revisions"}],"predecessor-version":[{"id":6503,"href":"https:\/\/revistanyt.com.ar\/online\/wp-json\/wp\/v2\/posts\/6501\/revisions\/6503"}],"wp:featuredmedia":[{"embeddable":true,"href":"https:\/\/revistanyt.com.ar\/online\/wp-json\/wp\/v2\/media\/6502"}],"wp:attachment":[{"href":"https:\/\/revistanyt.com.ar\/online\/wp-json\/wp\/v2\/media?parent=6501"}],"wp:term":[{"taxonomy":"category","embeddable":true,"href":"https:\/\/revistanyt.com.ar\/online\/wp-json\/wp\/v2\/categories?post=6501"},{"taxonomy":"post_tag","embeddable":true,"href":"https:\/\/revistanyt.com.ar\/online\/wp-json\/wp\/v2\/tags?post=6501"}],"curies":[{"name":"wp","href":"https:\/\/api.w.org\/{rel}","templated":true}]}}