{"id":6740,"date":"2022-05-14T13:31:44","date_gmt":"2022-05-14T13:31:44","guid":{"rendered":"https:\/\/revistanyt.com.ar\/online\/?p=6740"},"modified":"2022-05-16T13:35:01","modified_gmt":"2022-05-16T13:35:01","slug":"rio-negro-sera-protagonista-de-la-exposicion-global-de-hidrogeno-verde","status":"publish","type":"post","link":"https:\/\/revistanyt.com.ar\/online\/rio-negro-sera-protagonista-de-la-exposicion-global-de-hidrogeno-verde\/","title":{"rendered":"R\u00edo Negro ser\u00e1 protagonista de la Exposici\u00f3n Global de Hidr\u00f3geno Verde"},"content":{"rendered":"<h4 class=\"text-lg md:text-xl font-mont text-gray-dark font-semibold mt-8\" style=\"text-align: justify;\">Convocada a participar ante un auditorio mundial de expertos, la Gobernadora de R\u00edo Negro, Arabela Carreras, presentar\u00e1 en Barcelona el Plan Estrat\u00e9gico Provincial sobre Energ\u00edas Limpias a partir de la producci\u00f3n y uso de Hidr\u00f3geno Verde, con el objetivo de combatir y mitigar el cambio clim\u00e1tico que afecta a todo el planeta.<\/h4>\n<div class=\"container mx-auto relative \" style=\"text-align: justify;\">\n<div class=\"container-lg mx-auto\">\n<div class=\"container mx-auto mt-8 sm:mt-8 md:mt-12 lg:mt-12 xl:mt-16 px-4 sm:px-0\">\n<div class=\"tinymce\">\n<p>Ser\u00e1 en el marco de la Asamblea y Exposici\u00f3n Global de Hidr\u00f3geno Verde 2022, a desarrollarse en la ciudad espa\u00f1ola, el 17 y 18 de mayo.<\/p>\n<p>De esta manera, R\u00edo Negro tendr\u00e1 una activa participaci\u00f3n en la mesa que acelera la reconversi\u00f3n energ\u00e9tica mundial. La Gobernadora Carreras participar\u00e1 de esta Asamblea como conferencista en la jornada del martes, dando a conocer los alcances del proyecto provincial que, adem\u00e1s del desarrollo y transformaci\u00f3n energ\u00e9tica, tiene como objetivo la generaci\u00f3n de puestos de empleo genuino en el corto plazo para los rionegrinos.<\/p>\n<p>Paralelamente, la Gobernadora mantendr\u00e1 reuniones con el Ministro de Desarrollo Productivo de la Naci\u00f3n, Mat\u00edas Kulfas y con John Andrew Henry Forrest, Chairman de Fortescue Future Industries (FFI), que realizar\u00e1 una millonaria inversi\u00f3n en R\u00edo Negro para la producci\u00f3n de Hidr\u00f3geno Verde. Asimismo, Carreras participar\u00e1 de encuentros bilaterales con funcionarios de distintos gobiernos del mundo para avanzar en la tem\u00e1tica.<\/p>\n<p>Los sectores p\u00fablico y privado del mundo, empresarios, cient\u00edficos, especialistas, referentes y ONG\u2019s ambientalistas que participar\u00e1n de la Asamblea y Exposici\u00f3n Global conocer\u00e1n detalles t\u00e9cnicos, fiscales y el marco legal y normativo que impulsa el Plan Estrat\u00e9gico de R\u00edo Negro sobre Hidr\u00f3geno Verde.<\/p>\n<p>Asimismo, la Gobernadora interiorizar\u00e1 a las principales organizaciones no gubernamentales y activistas clim\u00e1ticos sobre cu\u00e1l es la visi\u00f3n de R\u00edo Negro para garantizar que la adopci\u00f3n del Hidr\u00f3geno Verde se produzca con la mayor celeridad posible, pero que tambi\u00e9n sea justa para todos los involucrados, incluidos aquellos sectores en desarrollo y dependientes de econom\u00edas emergentes.<\/p>\n<p>La exposici\u00f3n del modelo rionegrino -enmarcado en la implementaci\u00f3n de una Estrategia Nacional de Hidr\u00f3geno baja en emisiones para 2030- incluir\u00e1 el recorrido que hizo R\u00edo Negro para convertirse en el \u00fanico proyecto de la Argentina con posibilidad de producir este vector energ\u00e9tico limpio.<\/p>\n<p>La Asamblea no es una conferencia comercial. Es una reuni\u00f3n sin precedentes de partes interesadas de los Gobiernos, el sector privado y la sociedad civil, con el objetivo de impulsar la acci\u00f3n global para acelerar la adopci\u00f3n del Hidr\u00f3geno Verde.<\/p>\n<p>Para este encuentro mundial, se invit\u00f3 a los Gobiernos de todo el mundo a organizar sesiones nacionales de Hidr\u00f3geno Verde durante la asamblea. A lo largo del evento, se mostrar\u00e1n las estrategias de los pa\u00edses para acelerar la producci\u00f3n y el uso de este recurso, para demostrar el progreso hacia una transici\u00f3n energ\u00e9tica baja en carbono.<\/p>\n<p>La comitiva se completa con el secretario de Estado de Planificaci\u00f3n, Daniel Sanguinetti, y tambi\u00e9n participar\u00e1n autoridades nacionales.<\/p>\n<p>El panel de expositores donde participar\u00e1 la Gobernadora est\u00e1 compuesto por la CEO de H2 Chile, Mar\u00eda Paz de la Cruz; el ministro de Minas y Energ\u00eda de Colombia, Diego Mesa Puyo; el presidente de H2 M\u00e9xico, Israel Hurtado; el jefe de la Unidad de Econom\u00eda del Cambio Clim\u00e1tico de CEPAL, Santiago Lorenzo; el director de Econom\u00eda Energ\u00e9tica y Medio Ambiente en la Empresa de Pesquisa Energ\u00e9tica (EPE), Giovani Machado; y el presidente de la Administraci\u00f3n Nacional de Electricidad (ANDE) en Paraguay, F\u00e9lix Sosa.<\/p>\n<\/div>\n<\/div>\n<\/div>\n<\/div>\n<div class=\"container-lg mx-auto mt-8 md:mt-12 lg:mt-16 px-4 sm:px-0\">\n<h4 class=\"text-lg md:text-xl font-mont text-primary-apple font-normal uppercase\" style=\"text-align: justify;\">(Prensa RN)<\/h4>\n<\/div>\n","protected":false},"excerpt":{"rendered":"<p>Convocada a participar ante un auditorio mundial de expertos, la Gobernadora de R\u00edo Negro, Arabela Carreras, presentar\u00e1 en Barcelona el Plan Estrat\u00e9gico Provincial sobre Energ\u00edas Limpias a partir de la producci\u00f3n y uso de Hidr\u00f3geno Verde, con el objetivo de combatir y mitigar el cambio clim\u00e1tico que afecta a todo el planeta. Ser\u00e1 en el [&hellip;]<\/p>\n","protected":false},"author":6,"featured_media":6741,"comment_status":"closed","ping_status":"closed","sticky":false,"template":"","format":"standard","meta":[],"categories":[9,380,14,36],"tags":[133,1158,767,929],"_links":{"self":[{"href":"https:\/\/revistanyt.com.ar\/online\/wp-json\/wp\/v2\/posts\/6740"}],"collection":[{"href":"https:\/\/revistanyt.com.ar\/online\/wp-json\/wp\/v2\/posts"}],"about":[{"href":"https:\/\/revistanyt.com.ar\/online\/wp-json\/wp\/v2\/types\/post"}],"author":[{"embeddable":true,"href":"https:\/\/revistanyt.com.ar\/online\/wp-json\/wp\/v2\/users\/6"}],"replies":[{"embeddable":true,"href":"https:\/\/revistanyt.com.ar\/online\/wp-json\/wp\/v2\/comments?post=6740"}],"version-history":[{"count":1,"href":"https:\/\/revistanyt.com.ar\/online\/wp-json\/wp\/v2\/posts\/6740\/revisions"}],"predecessor-version":[{"id":6742,"href":"https:\/\/revistanyt.com.ar\/online\/wp-json\/wp\/v2\/posts\/6740\/revisions\/6742"}],"wp:featuredmedia":[{"embeddable":true,"href":"https:\/\/revistanyt.com.ar\/online\/wp-json\/wp\/v2\/media\/6741"}],"wp:attachment":[{"href":"https:\/\/revistanyt.com.ar\/online\/wp-json\/wp\/v2\/media?parent=6740"}],"wp:term":[{"taxonomy":"category","embeddable":true,"href":"https:\/\/revistanyt.com.ar\/online\/wp-json\/wp\/v2\/categories?post=6740"},{"taxonomy":"post_tag","embeddable":true,"href":"https:\/\/revistanyt.com.ar\/online\/wp-json\/wp\/v2\/tags?post=6740"}],"curies":[{"name":"wp","href":"https:\/\/api.w.org\/{rel}","templated":true}]}}