{"id":7713,"date":"2022-08-25T09:00:17","date_gmt":"2022-08-25T09:00:17","guid":{"rendered":"https:\/\/revistanyt.com.ar\/online\/?p=7713"},"modified":"2022-08-24T14:29:01","modified_gmt":"2022-08-24T14:29:01","slug":"charla-publica-sobre-el-telescopio-espacial-james-webb","status":"publish","type":"post","link":"https:\/\/revistanyt.com.ar\/online\/charla-publica-sobre-el-telescopio-espacial-james-webb\/","title":{"rendered":"Charla p\u00fablica sobre el telescopio espacial James Webb\u00a0"},"content":{"rendered":"<p style=\"text-align: justify;\"><strong><i>Ser\u00e1 un coloquio del Balseiro \u201cimperdible\u201d para quienes aman la astronom\u00eda: el f\u00edsico Guillermo Abramson dar\u00e1 una charla sobre el telescopio James Webb, sus instrumentos y las nuevas im\u00e1genes del universo que asombran a la humanidad.\u00a0<\/i><\/strong><\/p>\n<p>&nbsp;<\/p>\n<div id=\"attachment_7714\" style=\"width: 441px\" class=\"wp-caption aligncenter\"><a href=\"https:\/\/revistanyt.com.ar\/online\/wp-content\/uploads\/2022\/08\/unnamed-3.jpg\"><img aria-describedby=\"caption-attachment-7714\" loading=\"lazy\" class=\"wp-image-7714\" src=\"https:\/\/revistanyt.com.ar\/online\/wp-content\/uploads\/2022\/08\/unnamed-3-300x233.jpg\" alt=\"\" width=\"431\" height=\"335\" srcset=\"https:\/\/revistanyt.com.ar\/online\/wp-content\/uploads\/2022\/08\/unnamed-3-300x233.jpg 300w, https:\/\/revistanyt.com.ar\/online\/wp-content\/uploads\/2022\/08\/unnamed-3-768x597.jpg 768w, https:\/\/revistanyt.com.ar\/online\/wp-content\/uploads\/2022\/08\/unnamed-3.jpg 800w\" sizes=\"(max-width: 431px) 100vw, 431px\" \/><\/a><p id=\"caption-attachment-7714\" class=\"wp-caption-text\"><span style=\"font-size: 8pt;\">Ilustraci\u00f3n del telescopio espacial James Webb, puesto en \u00f3rbita el 25 de diciembre de 2021 (Cr\u00e9dito foto: Gentileza NASA).<\/span><\/p><\/div>\n<p>&nbsp;<\/p>\n<p style=\"text-align: justify;\">\u201cEl nuevo Telescopio Espacial Webb, sucesor del famoso telescopio Hubble, es un instrumento extraordinario\u201d, \u00a0dice el f\u00edsico Guillermo Abramson, quien ser\u00e1 el expositor del pr\u00f3ximo coloquio del Instituto Balseiro. Abramson es egresado y profesor del Instituto Balseiro e investigador del CONICET en el Centro At\u00f3mico Bariloche.<\/p>\n<p style=\"text-align: justify;\">\u201cRojo profundo: El nuevo universo revelado por el Telescopio Espacial Webb\u201d es el t\u00edtulo de la charla p\u00fablica que dar\u00e1 Abramson en el Balseiro. La misma se realizar\u00e1 el viernes 26 de agosto a las 14.30 hs en el Sal\u00f3n de Actos de este instituto, en el Centro At\u00f3mico Bariloche (Av. Bustillo km 9,5). La entrada es gratuita, y hay que presentar el DNI en la entrada. Adem\u00e1s se transmitir\u00e1 en vivo por el canal de YouTube \u201cInstituto Balseiro Coloquios\u201d.<\/p>\n<p style=\"text-align: justify;\">\u201cFue esperado con ansiedad por astr\u00f3nomos de todo el mundo, ya que representa un enorme salto en capacidad respecto de cualquier otro observatorio anterior, tanto espacial como terrestre. Y afortunadamente, tras innumerables demoras, est\u00e1 funcionando a la perfecci\u00f3n\u201d, expresa el f\u00edsico en el resumen de la charla.<\/p>\n<p style=\"text-align: justify;\">En la presentaci\u00f3n, Abramson hablar\u00e1 sobre los instrumentos del telescopio James Webb y sobre lo que significan para la astronom\u00eda moderna. \u201cLas im\u00e1genes que estamos viendo son hermosas, revelan un universo oculto hasta ahora, y estoy seguro de que ser\u00e1 una inspiraci\u00f3n para toda una nueva generaci\u00f3n, as\u00ed como lo fue el telescopio Hubble durante m\u00e1s de 30 a\u00f1os\u201d, adelanta el cient\u00edfico.<\/p>\n<p style=\"text-align: justify;\">El telescopio James Webb es el resultado de un proyecto internacional coordinado por tres agencias espaciales: la NASA, de los Estados Unidos, la ESA (de la Comunidad Europea) y de Canad\u00e1 (CSA). Fue puesto en \u00f3rbita el 25 de diciembre de 2021 despu\u00e9s de muchos a\u00f1os de desarrollo.<\/p>\n<p style=\"text-align: justify;\">El nuevo telescopio, que observa radiaci\u00f3n infrarroja (en vez de luz visible como el telescopio Hubble), busca responder preguntas sobre el origen, el funcionamiento y la vida en el universo. \u201cWebb se construye sobre el legado de telescopios espaciales previos para empujar los l\u00edmites del conocimiento humano a\u00fan m\u00e1s all\u00e1, hacia la formaci\u00f3n de las primeras galaxias y los horizontes con otros mundos\u201d, informa la NASA.<\/p>\n<p style=\"text-align: justify;\"><strong>Sobre el expositor<\/strong><\/p>\n<p style=\"text-align: justify;\">Guillermo Abramson es Doctor en F\u00edsica, Investigador Principal del CONICET y Profesor del Instituto Balseiro (CNEA-UNCUYO). Ha publicado m\u00e1s de un centenar de trabajos y libros, dirigido tesis y gestionado proyectos de investigaci\u00f3n. Es tambi\u00e9n un entusiasta astr\u00f3nomo y divulgador de la ciencia, y escribe semanalmente en su blog En el Cielo las Estrellas (<a href=\"http:\/\/guillermoabramson.blogspot.com\/\" target=\"_blank\" rel=\"noopener\" data-saferedirecturl=\"https:\/\/www.google.com\/url?q=http:\/\/guillermoabramson.blogspot.com&amp;source=gmail&amp;ust=1661432818464000&amp;usg=AOvVaw0oSoK6s-Rrv9CXKS3Cm3DW\">guillermoabramson.blogspot.<wbr \/>com<\/a>).<\/p>\n<p style=\"text-align: justify;\"><strong>Por \u00c1rea de Comunicaci\u00f3n y Prensa del Instituto Balseiro<\/strong><\/p>\n","protected":false},"excerpt":{"rendered":"<p>Ser\u00e1 un coloquio del Balseiro \u201cimperdible\u201d para quienes aman la astronom\u00eda: el f\u00edsico Guillermo Abramson dar\u00e1 una charla sobre el telescopio James Webb, sus instrumentos y las nuevas im\u00e1genes del universo que asombran a la humanidad.\u00a0 &nbsp; &nbsp; \u201cEl nuevo Telescopio Espacial Webb, sucesor del famoso telescopio Hubble, es un instrumento extraordinario\u201d, \u00a0dice el f\u00edsico [&hellip;]<\/p>\n","protected":false},"author":6,"featured_media":7714,"comment_status":"closed","ping_status":"closed","sticky":false,"template":"","format":"standard","meta":[],"categories":[380,36],"tags":[47,114],"_links":{"self":[{"href":"https:\/\/revistanyt.com.ar\/online\/wp-json\/wp\/v2\/posts\/7713"}],"collection":[{"href":"https:\/\/revistanyt.com.ar\/online\/wp-json\/wp\/v2\/posts"}],"about":[{"href":"https:\/\/revistanyt.com.ar\/online\/wp-json\/wp\/v2\/types\/post"}],"author":[{"embeddable":true,"href":"https:\/\/revistanyt.com.ar\/online\/wp-json\/wp\/v2\/users\/6"}],"replies":[{"embeddable":true,"href":"https:\/\/revistanyt.com.ar\/online\/wp-json\/wp\/v2\/comments?post=7713"}],"version-history":[{"count":2,"href":"https:\/\/revistanyt.com.ar\/online\/wp-json\/wp\/v2\/posts\/7713\/revisions"}],"predecessor-version":[{"id":7717,"href":"https:\/\/revistanyt.com.ar\/online\/wp-json\/wp\/v2\/posts\/7713\/revisions\/7717"}],"wp:featuredmedia":[{"embeddable":true,"href":"https:\/\/revistanyt.com.ar\/online\/wp-json\/wp\/v2\/media\/7714"}],"wp:attachment":[{"href":"https:\/\/revistanyt.com.ar\/online\/wp-json\/wp\/v2\/media?parent=7713"}],"wp:term":[{"taxonomy":"category","embeddable":true,"href":"https:\/\/revistanyt.com.ar\/online\/wp-json\/wp\/v2\/categories?post=7713"},{"taxonomy":"post_tag","embeddable":true,"href":"https:\/\/revistanyt.com.ar\/online\/wp-json\/wp\/v2\/tags?post=7713"}],"curies":[{"name":"wp","href":"https:\/\/api.w.org\/{rel}","templated":true}]}}