{"id":2298,"count":1,"description":"","link":"https:\/\/revistanyt.com.ar\/online\/tag\/conservacion-del-area-maritima\/","name":"conservaci\u00f3n del \u00e1rea mar\u00edtima","slug":"conservacion-del-area-maritima","taxonomy":"post_tag","meta":[],"_links":{"self":[{"href":"https:\/\/revistanyt.com.ar\/online\/wp-json\/wp\/v2\/tags\/2298"}],"collection":[{"href":"https:\/\/revistanyt.com.ar\/online\/wp-json\/wp\/v2\/tags"}],"about":[{"href":"https:\/\/revistanyt.com.ar\/online\/wp-json\/wp\/v2\/taxonomies\/post_tag"}],"wp:post_type":[{"href":"https:\/\/revistanyt.com.ar\/online\/wp-json\/wp\/v2\/posts?tags=2298"}],"curies":[{"name":"wp","href":"https:\/\/api.w.org\/{rel}","templated":true}]}}